{"id":110,"date":"2021-02-14T16:58:09","date_gmt":"2021-02-14T15:58:09","guid":{"rendered":"https:\/\/vivrelivre.fr\/?p=110"},"modified":"2021-06-29T17:22:16","modified_gmt":"2021-06-29T15:22:16","slug":"le-monde-selon-garp-john-irving","status":"publish","type":"post","link":"https:\/\/vivrelivre.fr\/?p=110","title":{"rendered":"\u00ab\u00a0Le monde selon Garp\u00a0\u00bb John Irving"},"content":{"rendered":"\n<figure class=\"wp-block-image size-large\"><img loading=\"lazy\" decoding=\"async\" width=\"257\" height=\"432\" src=\"https:\/\/vivrelivre.fr\/wp-content\/uploads\/2021\/02\/le-monde-selon-garp.jpg\" alt=\"\" class=\"wp-image-111\" srcset=\"https:\/\/vivrelivre.fr\/wp-content\/uploads\/2021\/02\/le-monde-selon-garp.jpg 257w, https:\/\/vivrelivre.fr\/wp-content\/uploads\/2021\/02\/le-monde-selon-garp-178x300.jpg 178w\" sizes=\"auto, (max-width: 257px) 100vw, 257px\" \/><\/figure>\n\n\n\n<p class=\"has-vivid-cyan-blue-color has-text-color\">Livre culte des ann\u00e9es 80, \u00ab\u00a0Le monde selon Garp\u00a0\u00bb raconte le destin hors du commun d&rsquo;un des personnages les plus attachants de l&rsquo;oeuvre de L&rsquo;auteur.<\/p>\n\n\n\n<p class=\"has-vivid-cyan-blue-color has-text-color\">Le livre s&rsquo;ouvre sur la conception de Garp, r\u00e9sultat d&rsquo;une br\u00e8ve \u00e9treinte entre une f\u00e9ministe d\u00e9jant\u00e9e et un aviateur clou\u00e9 sur son lit de mort. D\u00e8s cet instant, il n&rsquo;est plus possible de l\u00e2cher le h\u00e9ros, de ses b\u00eatises d&rsquo;enfants \u00e0 ses premiers \u00e9lans amoureux, de son mariage \u00e0 sa paternit\u00e9. <\/p>\n\n\n\n<p>John Irving est un magicien qui transforme la vie en aventures loufoques et inattendues. Il nous d\u00e9crit un monde onirique peupl\u00e9s de personnages originaux. Il nous fait passer par toutes les \u00e9motions.<\/p>\n\n\n\n<p>Histoire riche et dense, tr\u00e8s vivante, aux multiples rebondissements. La structure du roman alterne entre sc\u00e8nes d\u00e9jant\u00e9es et r\u00e9flexions soci\u00e9tales.<\/p>\n\n\n\n<p>L&rsquo;imaginaire et le f\u00e9minisme de John Irving \u00e9clatent \u00e0 chaque chapitre. Je le conseille, c&rsquo;est un r\u00e9gal !<\/p>\n","protected":false},"excerpt":{"rendered":"<p>Livre culte des ann\u00e9es 80, \u00ab\u00a0Le monde selon Garp\u00a0\u00bb raconte le destin hors du commun d&rsquo;un des personnages les plus attachants de l&rsquo;oeuvre de L&rsquo;auteur. Le livre s&rsquo;ouvre sur la conception de Garp, r\u00e9sultat d&rsquo;une br\u00e8ve \u00e9treinte entre une f\u00e9ministe d\u00e9jant\u00e9e et un aviateur clou\u00e9 sur son lit de mort. D\u00e8s cet instant, il n&rsquo;est&hellip; <\/p>\n","protected":false},"author":1,"featured_media":0,"comment_status":"open","ping_status":"open","sticky":false,"template":"","format":"standard","meta":{"footnotes":""},"categories":[2],"tags":[],"class_list":["post-110","post","type-post","status-publish","format-standard","hentry","category-chroniques-litteraires"],"_links":{"self":[{"href":"https:\/\/vivrelivre.fr\/index.php?rest_route=\/wp\/v2\/posts\/110","targetHints":{"allow":["GET"]}}],"collection":[{"href":"https:\/\/vivrelivre.fr\/index.php?rest_route=\/wp\/v2\/posts"}],"about":[{"href":"https:\/\/vivrelivre.fr\/index.php?rest_route=\/wp\/v2\/types\/post"}],"author":[{"embeddable":true,"href":"https:\/\/vivrelivre.fr\/index.php?rest_route=\/wp\/v2\/users\/1"}],"replies":[{"embeddable":true,"href":"https:\/\/vivrelivre.fr\/index.php?rest_route=%2Fwp%2Fv2%2Fcomments&post=110"}],"version-history":[{"count":3,"href":"https:\/\/vivrelivre.fr\/index.php?rest_route=\/wp\/v2\/posts\/110\/revisions"}],"predecessor-version":[{"id":254,"href":"https:\/\/vivrelivre.fr\/index.php?rest_route=\/wp\/v2\/posts\/110\/revisions\/254"}],"wp:attachment":[{"href":"https:\/\/vivrelivre.fr\/index.php?rest_route=%2Fwp%2Fv2%2Fmedia&parent=110"}],"wp:term":[{"taxonomy":"category","embeddable":true,"href":"https:\/\/vivrelivre.fr\/index.php?rest_route=%2Fwp%2Fv2%2Fcategories&post=110"},{"taxonomy":"post_tag","embeddable":true,"href":"https:\/\/vivrelivre.fr\/index.php?rest_route=%2Fwp%2Fv2%2Ftags&post=110"}],"curies":[{"name":"wp","href":"https:\/\/api.w.org\/{rel}","templated":true}]}}