{"id":123,"date":"2021-02-26T09:50:27","date_gmt":"2021-02-26T08:50:27","guid":{"rendered":"https:\/\/vivrelivre.fr\/?p=123"},"modified":"2021-06-29T17:21:34","modified_gmt":"2021-06-29T15:21:34","slug":"quand-on-parle-du-diable-de-joseph-denize","status":"publish","type":"post","link":"https:\/\/vivrelivre.fr\/?p=123","title":{"rendered":"\u00ab\u00a0Quand on parle du diable\u00a0\u00bb de Joseph Denize"},"content":{"rendered":"\n<figure class=\"wp-block-image size-large\"><img loading=\"lazy\" decoding=\"async\" width=\"351\" height=\"565\" src=\"https:\/\/vivrelivre.fr\/wp-content\/uploads\/2021\/02\/9782260054337ORI.jpg\" alt=\"\" class=\"wp-image-124\" srcset=\"https:\/\/vivrelivre.fr\/wp-content\/uploads\/2021\/02\/9782260054337ORI.jpg 351w, https:\/\/vivrelivre.fr\/wp-content\/uploads\/2021\/02\/9782260054337ORI-186x300.jpg 186w\" sizes=\"auto, (max-width: 351px) 100vw, 351px\" \/><\/figure>\n\n\n\n<p class=\"has-vivid-cyan-blue-color has-text-color has-medium-font-size\"><strong>R\u00e9sum\u00e9 : <\/strong>Dans le Paris de 1917, tandis que la grande guerre s&rsquo;\u00e9ternise, d\u00e9mons et sorciers se livrent une lutte sans merci pour s&#8217;emparer d&rsquo;un tableau aux pouvoirs terrifiants. Embarqu\u00e9 malgr\u00e9 lui dans cette bataille, le jeune Aim\u00e9 Grandin n&rsquo;a que son ing\u00e9niosit\u00e9 et sa bravoure pour contrer un d\u00e9cha\u00eenement de forces mal\u00e9fiques.<\/p>\n\n\n\n<p class=\"has-vivid-cyan-blue-color has-text-color has-medium-font-size\">Fantasmagorie historique au sus pense envo\u00fbtant, \u00ab\u00a0Quand on parle du diable\u00a0\u00bb est un roman d&rsquo;aventures travers\u00e9 par des personnages r\u00e9els ( Mata Hari, M\u00e9li\u00e8s, Modigliani, Crawley), qui tourne en d\u00e9rision l&rsquo;effroyable attirance de l&rsquo;humanit\u00e9 pour la barbarie. Une relecture saisissante de ce tournant du XX\u00e8me si\u00e8cle, marqu\u00e9 par la d\u00e9couverte la plus d\u00e9vastatrice des armes : le pouvoir de l&rsquo;image.<\/p>\n\n\n\n<p class=\"has-medium-font-size\">Premier roman de Joseph Denize est un pav\u00e9 passionnant, passionn\u00e9 et ma\u00eetris\u00e9. R\u00e9cit riche, dense aux facettes historiques et fantastiques. L&rsquo;auteur nous plonge dans un univers original et tr\u00e8s romanesque. On gravite entre deux mondes.<\/p>\n\n\n\n<p class=\"has-medium-font-size\">Tout d\u00e9marre au d\u00e9c\u00e8s de son oncle. Aim\u00e9 Grandin, jeune homme qui fait son possible pour retarder son d\u00e9part au front, se retrouve entra\u00een\u00e9 dans  cette sombre histoire m\u00ealant l&rsquo;art, soci\u00e9t\u00e9s secr\u00e8tes et forces occultes. Le roman s&rsquo;ouvre sur l&rsquo;attachant personnage d&rsquo;Aim\u00e9 qui re\u00e7oit en h\u00e9ritage de son oncle, virtuose faussaire, des dettes, une bo\u00eete au contenu myst\u00e9rieux, un calepin, une dr\u00f4le de cl\u00e9 et un puzzle. On prend part \u00e0 son questionnement sur la mort et la maladie dont a \u00e9t\u00e9 frapp\u00e9e son oncle G\u00e9o. Quelques petits d\u00e9tails s&rsquo;insinuent \u00e7a et l\u00e0 dans l&rsquo;histoire ( un chien qui suit le cercueil en aboyant par exemple&#8230;) mais on n&rsquo;y pr\u00eate pas attention!  Et puis une centaine de pages plus loin, le lecteur bascule dans un autre univers, fantasmagorique, \u00e9sot\u00e9rique et paranormal.<\/p>\n\n\n\n<p class=\"has-medium-font-size\">C&rsquo;est savoureux, surr\u00e9aliste, diablement bien \u00e9crit. Tout s&rsquo;encha\u00eene merveilleusement, naturellement. Joseph Denize a su prendre son temps pour d\u00e9rouler cette incroyable \u00e9pop\u00e9e. J&rsquo;ai \u00e9t\u00e9 embarqu\u00e9e d\u00e8s les premi\u00e8res pages. Son \u00e9criture fluide, concise et pr\u00e9cise nous fait vivre au plus pr\u00e8s  les aventures d&rsquo;Aim\u00e9. Avec lui, nous sommes t\u00e9l\u00e9port\u00e9s, par exemple, dans l&rsquo;enfer des tranch\u00e9es. Tous ces voyages sont terrifiants de r\u00e9alisme. Une fois le roman referm\u00e9, je me suis persuad\u00e9e que l&rsquo;histoire \u00e9tait r\u00e9elle, ensuite le doute a subsist\u00e9 vrai \/ pas vrai ?<\/p>\n\n\n\n<p class=\"has-medium-font-size\">Ce livre m&rsquo;a \u00e9t\u00e9 recommand\u00e9, jamais je ne me serai aventur\u00e9e vers ce genre litt\u00e9raire tr\u00e8s loin de mes pr\u00e9f\u00e9rences ! Je serai pass\u00e9e \u00e0 c\u00f4t\u00e9 d&rsquo;un tr\u00e8s beau roman. Quelle claque !<\/p>\n\n\n\n<p class=\"has-medium-font-size\">Alors soyez curieux, ouvrez votre univers litt\u00e9raire.<\/p>\n\n\n\n<p class=\"has-medium-font-size\">BRAVO Joseph Denize pour ce premier roman prometteur.<\/p>\n\n\n\n<p class=\"has-medium-font-size\">A SUIVRE ! <\/p>\n\n\n\n<p class=\"has-medium-font-size\"><\/p>\n\n\n\n<p><\/p>\n\n\n\n<p><\/p>\n","protected":false},"excerpt":{"rendered":"<p>R\u00e9sum\u00e9 : Dans le Paris de 1917, tandis que la grande guerre s&rsquo;\u00e9ternise, d\u00e9mons et sorciers se livrent une lutte sans merci pour s&#8217;emparer d&rsquo;un tableau aux pouvoirs terrifiants. Embarqu\u00e9 malgr\u00e9 lui dans cette bataille, le jeune Aim\u00e9 Grandin n&rsquo;a que son ing\u00e9niosit\u00e9 et sa bravoure pour contrer un d\u00e9cha\u00eenement de forces mal\u00e9fiques. Fantasmagorie historique&hellip; <\/p>\n","protected":false},"author":1,"featured_media":0,"comment_status":"open","ping_status":"open","sticky":false,"template":"","format":"standard","meta":{"footnotes":""},"categories":[11],"tags":[],"class_list":["post-123","post","type-post","status-publish","format-standard","hentry","category-a-suivre"],"_links":{"self":[{"href":"https:\/\/vivrelivre.fr\/index.php?rest_route=\/wp\/v2\/posts\/123","targetHints":{"allow":["GET"]}}],"collection":[{"href":"https:\/\/vivrelivre.fr\/index.php?rest_route=\/wp\/v2\/posts"}],"about":[{"href":"https:\/\/vivrelivre.fr\/index.php?rest_route=\/wp\/v2\/types\/post"}],"author":[{"embeddable":true,"href":"https:\/\/vivrelivre.fr\/index.php?rest_route=\/wp\/v2\/users\/1"}],"replies":[{"embeddable":true,"href":"https:\/\/vivrelivre.fr\/index.php?rest_route=%2Fwp%2Fv2%2Fcomments&post=123"}],"version-history":[{"count":4,"href":"https:\/\/vivrelivre.fr\/index.php?rest_route=\/wp\/v2\/posts\/123\/revisions"}],"predecessor-version":[{"id":252,"href":"https:\/\/vivrelivre.fr\/index.php?rest_route=\/wp\/v2\/posts\/123\/revisions\/252"}],"wp:attachment":[{"href":"https:\/\/vivrelivre.fr\/index.php?rest_route=%2Fwp%2Fv2%2Fmedia&parent=123"}],"wp:term":[{"taxonomy":"category","embeddable":true,"href":"https:\/\/vivrelivre.fr\/index.php?rest_route=%2Fwp%2Fv2%2Fcategories&post=123"},{"taxonomy":"post_tag","embeddable":true,"href":"https:\/\/vivrelivre.fr\/index.php?rest_route=%2Fwp%2Fv2%2Ftags&post=123"}],"curies":[{"name":"wp","href":"https:\/\/api.w.org\/{rel}","templated":true}]}}