{"id":156,"date":"2021-03-03T17:40:40","date_gmt":"2021-03-03T16:40:40","guid":{"rendered":"https:\/\/vivrelivre.fr\/?p=156"},"modified":"2021-06-29T17:21:01","modified_gmt":"2021-06-29T15:21:01","slug":"la-theorie-des-aubergines-leila-bahsain","status":"publish","type":"post","link":"https:\/\/vivrelivre.fr\/?p=156","title":{"rendered":"\u00ab\u00a0La th\u00e9orie des aubergines\u00a0\u00bb Le\u00efla Bahsa\u00efn"},"content":{"rendered":"\n<figure class=\"wp-block-image size-large\"><img loading=\"lazy\" decoding=\"async\" width=\"195\" height=\"285\" src=\"https:\/\/vivrelivre.fr\/wp-content\/uploads\/2021\/03\/couv-aubergines.jpg\" alt=\"\" class=\"wp-image-157\"\/><\/figure>\n\n\n\n<p class=\"has-vivid-cyan-blue-color has-text-color has-medium-font-size\">Lorsqu&rsquo;elle perd son poste de r\u00e9dactrice dans une agence de pub, Dija se voit proposer de rejoindre une entreprise d&rsquo;insertion par la cuisine. L&rsquo;atmosph\u00e8re est chaleureuse et sympathique, les effluves d\u00e9licieux et le casting relev\u00e9 : il y a V\u00e9ronique, l&rsquo;infirmi\u00e8re en burn-out; Jean, le grand timide; G\u00e9rald, un repris de justice \u00e0 la petite semaine; Johnny-Bryan, un altruiste oppos\u00e9 \u00e0 l&rsquo;id\u00e9e m\u00eame du travail&#8230; d&rsquo;autres personnages non moins attachants et hauts en couleur les rejoindront. Sous la houlette optimiste du chef Achour, convaincu des bienfaits de l&rsquo;esprit collectif et de l&rsquo;entraide, cette jolie assembl\u00e9e d&rsquo;\u00e2mes bris\u00e9es va apprendre \u00e0 s&rsquo;apprivoiser en se r\u00e9conciliant avec les saveurs de la vie. <\/p>\n\n\n\n<p class=\"has-medium-font-size\">Ce roman est un hymne \u00e0 la tol\u00e9rance, \u00e0 la solidarit\u00e9, Un conte des temps modernes qui met du baume au c\u0153ur en cette p\u00e9riode min\u00e9e par l\u2019inqui\u00e9tude, l\u2019individualisme grandissant, l\u2019exploitation des plus faibles, la mont\u00e9e des extr\u00e9mismes et le regard de plus en plus inquisiteur sur l\u2019autre.<\/p>\n\n\n\n<p class=\"has-medium-font-size\">Force est de constater que le plus souvent&nbsp;, nous ne sommes qu\u2019une cat\u00e9gorie o\u00f9 r\u00e8gne les chiffres et les pourcentages&nbsp;!<\/p>\n\n\n\n<p class=\"has-medium-font-size\">On nous range dans des cases, parfois m\u00eame nous y allons de notre propre gr\u00e9&nbsp;: communautarisme, origine, sexe, religion oppos\u00e9s au \u00ab&nbsp;devoir&nbsp;\u00bb d\u2019int\u00e9gration. Alors que nous sommes tous pareils, personne n\u2019est \u00e0 l\u2019abri, on peut \u00eatre \u00e0 tous moments malmen\u00e9, frustr\u00e9 ou \u00e9cart\u00e9 sans raison pour finalement devenir ces damn\u00e9s de la soci\u00e9t\u00e9.<\/p>\n\n\n\n<p class=\"has-medium-font-size\">La r\u00e9ponse de Dija&nbsp;: \u00ab&nbsp;Je suis libre partout, ni racine \u00e9touff\u00e9e, ni aile bris\u00e9e.&nbsp;\u00bb<\/p>\n\n\n\n<p class=\"has-medium-font-size\">La r\u00e9ponse d\u2019Achour&nbsp;: \u00ab&nbsp;Si seulement les gens adoptaient les gens, les diff\u00e9rences et les autres cultures comme ils s\u2019emparent des plats venus d\u2019ailleurs \u2026.&nbsp;\u00bb<\/p>\n\n\n\n<p class=\"has-medium-font-size\">Le chef de la cuisine tente ainsi de mettre de l\u2019exotisme dans la vie de ces exclus. La th\u00e9orie des aubergines prend sens. On y arrivera mais pas seuls&nbsp;! Il leur inculque la notion d\u2019entraide. Une fratrie se forme, comme une colocation avec ces complicit\u00e9s, ces coups de gueule. Petit \u00e0 petit les masques tombent, chacun finit par se d\u00e9voiler, racontant son parcours avec sinc\u00e9rit\u00e9, \u00e9coutant avec bienveillance.<\/p>\n\n\n\n<p class=\"has-medium-font-size\">Les gens ne sont pas fait d\u2019un seul bloc. Il faut SE donner la peine de d\u00e9chiffrer les \u00e2mes, il faut creuser la surface.<\/p>\n\n\n\n<p class=\"has-medium-font-size\">Je vous laisse maintenant entre les mains de Le\u00efla Bahsa\u00efn, son \u00e9criture brillante, ces r\u00e9flexions f\u00e9roces, acerbes et dr\u00f4les vont sans nul doute vous emporter. L\u2019auteure, aussi forte et d\u00e9termin\u00e9e que son h\u00e9ro\u00efne, nous pousse \u00e0 la r\u00e9flexion, nous prend parfois \u00e0 t\u00e9moin, nous interpellant&nbsp;!<\/p>\n\n\n\n<p class=\"has-medium-font-size\">C\u2019est salutaire, essentiel \u2026 il y a urgence.<\/p>\n\n\n\n<p class=\"has-medium-font-size\">Je lance un appel aux enseignants, lisez des extraits au coll\u00e8ge, au lyc\u00e9e. C\u2019est l\u00e0 que tout se joue&nbsp;!<\/p>\n\n\n\n<h3 class=\"wp-block-heading\">\u00ab&nbsp; C\u2019est de la folie de ha\u00efr toutes les roses parce qu\u2019une \u00e9pine vous \u00e0 piqu\u00e9, d\u2019abandonner tous les r\u00eaves parce que l\u2019un d\u2019entre eux ne s\u2019est pas r\u00e9alis\u00e9, de renoncer \u00e0 toutes les tentatives parce qu\u2019on a \u00e9chou\u00e9&nbsp;\u00bb<\/h3>\n\n\n\n<p class=\"has-medium-font-size\">Le petit prince<\/p>\n\n\n\n<p class=\"has-medium-font-size\">MERCI ET BRAVO POUR CE MAGNIFIQUE ROMAN&nbsp;, LE LIRE EST UN DEVOIR DE CITOYEN DU MONDE.<\/p>\n\n\n\n<p class=\"has-medium-font-size\">Longue vie \u00ab&nbsp;Les gens dans la cuisine&nbsp;\u00bb<\/p>\n\n\n\n<p class=\"has-medium-font-size\">Vive la th\u00e9orie des aubergines<\/p>\n\n\n\n<p><\/p>\n","protected":false},"excerpt":{"rendered":"<p>Lorsqu&rsquo;elle perd son poste de r\u00e9dactrice dans une agence de pub, Dija se voit proposer de rejoindre une entreprise d&rsquo;insertion par la cuisine. L&rsquo;atmosph\u00e8re est chaleureuse et sympathique, les effluves d\u00e9licieux et le casting relev\u00e9 : il y a V\u00e9ronique, l&rsquo;infirmi\u00e8re en burn-out; Jean, le grand timide; G\u00e9rald, un repris de justice \u00e0 la petite&hellip; <\/p>\n","protected":false},"author":1,"featured_media":0,"comment_status":"open","ping_status":"open","sticky":false,"template":"","format":"standard","meta":{"footnotes":""},"categories":[11],"tags":[],"class_list":["post-156","post","type-post","status-publish","format-standard","hentry","category-a-suivre"],"_links":{"self":[{"href":"https:\/\/vivrelivre.fr\/index.php?rest_route=\/wp\/v2\/posts\/156","targetHints":{"allow":["GET"]}}],"collection":[{"href":"https:\/\/vivrelivre.fr\/index.php?rest_route=\/wp\/v2\/posts"}],"about":[{"href":"https:\/\/vivrelivre.fr\/index.php?rest_route=\/wp\/v2\/types\/post"}],"author":[{"embeddable":true,"href":"https:\/\/vivrelivre.fr\/index.php?rest_route=\/wp\/v2\/users\/1"}],"replies":[{"embeddable":true,"href":"https:\/\/vivrelivre.fr\/index.php?rest_route=%2Fwp%2Fv2%2Fcomments&post=156"}],"version-history":[{"count":3,"href":"https:\/\/vivrelivre.fr\/index.php?rest_route=\/wp\/v2\/posts\/156\/revisions"}],"predecessor-version":[{"id":251,"href":"https:\/\/vivrelivre.fr\/index.php?rest_route=\/wp\/v2\/posts\/156\/revisions\/251"}],"wp:attachment":[{"href":"https:\/\/vivrelivre.fr\/index.php?rest_route=%2Fwp%2Fv2%2Fmedia&parent=156"}],"wp:term":[{"taxonomy":"category","embeddable":true,"href":"https:\/\/vivrelivre.fr\/index.php?rest_route=%2Fwp%2Fv2%2Fcategories&post=156"},{"taxonomy":"post_tag","embeddable":true,"href":"https:\/\/vivrelivre.fr\/index.php?rest_route=%2Fwp%2Fv2%2Ftags&post=156"}],"curies":[{"name":"wp","href":"https:\/\/api.w.org\/{rel}","templated":true}]}}