{"id":332,"date":"2023-11-04T18:28:07","date_gmt":"2023-11-04T17:28:07","guid":{"rendered":"https:\/\/vivrelivre.fr\/?p=332"},"modified":"2024-05-07T11:22:09","modified_gmt":"2024-05-07T09:22:09","slug":"diane-dans-le-miroir-sandrine-roudaix","status":"publish","type":"post","link":"https:\/\/vivrelivre.fr\/?p=332","title":{"rendered":"\u00a0\u00bb Diane dans le miroir\u00a0\u00bb Sandrine Roudeix"},"content":{"rendered":"\n<figure class=\"wp-block-image size-large\"><img loading=\"lazy\" decoding=\"async\" width=\"210\" height=\"308\" src=\"https:\/\/vivrelivre.fr\/wp-content\/uploads\/2023\/11\/diane-dans-le-miroir.jpg\" alt=\"\" class=\"wp-image-333\" srcset=\"https:\/\/vivrelivre.fr\/wp-content\/uploads\/2023\/11\/diane-dans-le-miroir.jpg 210w, https:\/\/vivrelivre.fr\/wp-content\/uploads\/2023\/11\/diane-dans-le-miroir-205x300.jpg 205w\" sizes=\"auto, (max-width: 210px) 100vw, 210px\" \/><\/figure>\n\n\n\n<p class=\"has-vivid-red-color has-text-color\">Faire une photo m&rsquo;a toujours arrach\u00e9e \u00e0 mes angoisses en me confrontant \u00e0 quelque chose qui me d\u00e9passe. Je demande m\u00eame si l&rsquo;exp\u00e9rience de ce d\u00e9passement ne compte pas plus que l&rsquo;image \u00e0 mes yeux. Je ne suis jamais la m\u00eame lorsque je range mon appareil, mon flash et mes objectifs avant de prendre cong\u00e9.<br>L&rsquo;impression que quelque chose d&rsquo;irr\u00e9versible a \u00e9t\u00e9 accompli.<br>New York, une nuit d\u2019\u00e9t\u00e9, la chaleur est \u00e9touffante. Dans sa salle de bains, une photographe s\u2019appr\u00eate \u00e0 r\u00e9aliser un autoportrait. Il lui faut trouver le cadre id\u00e9al, caler son Leica, choisir focale et vitesse d\u2019obturation, pr\u00e9parer le d\u00e9clencheur&#8230; Cette photographe, c\u2019est la grande Diane Arbus qui, en photographiant des inconnus dans la rue, des personnages hors-normes \u2013 travestis, prostitu\u00e9es, handicap\u00e9s, nains \u2013 a r\u00e9volutionn\u00e9 la photographie, montrant que ces individus n\u2019\u00e9taient pas des \u00ab monstres \u00bb mais des \u00eatres de chair et d\u2019\u00e9motions comme les autres&#8230;<\/p>\n\n\n\n<p class=\"has-vivid-red-color has-text-color\">Cette nuit-l\u00e0, Diane semble \u00e0 bout de force. Cet autoportrait, elle tarde \u00e0 l\u2019accomplir, comme si elle reculait l\u2019\u00e9ch\u00e9ance, comme s\u2019il devait \u00eatre l\u2019ultime\u2026 Bient\u00f4t il fera jour. Mais auparavant, elle se sera confi\u00e9e \u00e0 ce miroir dans lequel elle scrute son visage, au bord de la folie. Revenant sur son enfance, ses rencontres, sa carri\u00e8re, la sexualit\u00e9, les difficult\u00e9s d\u2019argent, la peur de l\u2019abandon\u2026<br>Avec une sensibilit\u00e9 rare, Sandrine Roudeix se glisse au plus pr\u00e8s de Diane Arbus, dans cette salle de bains qui ressemble \u00e0 un dernier refuge. Lentement, patiemment, elle l\u2019accompagne jusqu\u2019au bout de sa nuit, et livre d\u2019elle un \u00e9mouvant portrait.<br><\/p>\n\n\n\n<p class=\"has-medium-font-size\">Sandrine Roudaix est une romanci\u00e8re photographe. <\/p>\n\n\n\n<p class=\"has-medium-font-size\">Elle nous propose de partager une nuit avec Diane Arbus. Nuit ultime &#8230; toute une vie en une nuit ! <\/p>\n\n\n\n<p class=\"has-medium-font-size\">Roman \u00e9crit au plus pr\u00e8s de cette artiste. Confession intime, percutante t\u00e9moin d&rsquo;une vie chahut\u00e9e.<\/p>\n\n\n\n<p class=\"has-medium-font-size\">Il en reste le parcours professionnel de Diane, talent mis au services des autres , des exclus et la recherche perp\u00e9tuelle de LA photo, la bonne distance, le bon angle, la bonne lumi\u00e8re &#8230; objet de captation de l&rsquo;\u00e2me.<\/p>\n\n\n\n<p class=\"has-medium-font-size\">un beau parall\u00e8le entre photographie et \u00e9criture !<\/p>\n\n\n\n<p class=\"has-medium-font-size\">A DECOUVRIR <\/p>\n\n\n\n<p class=\"has-medium-font-size\">A noter l&rsquo;exposition consacr\u00e9e \u00e0 Diane Arbus au LUMA d&rsquo;Arles en 2024.<\/p>\n\n\n\n<p><\/p>\n\n\n\n<p class=\"has-black-color has-text-color\"><\/p>\n","protected":false},"excerpt":{"rendered":"<p>Faire une photo m&rsquo;a toujours arrach\u00e9e \u00e0 mes angoisses en me confrontant \u00e0 quelque chose qui me d\u00e9passe. Je demande m\u00eame si l&rsquo;exp\u00e9rience de ce d\u00e9passement ne compte pas plus que l&rsquo;image \u00e0 mes yeux. Je ne suis jamais la m\u00eame lorsque je range mon appareil, mon flash et mes objectifs avant de prendre cong\u00e9.L&rsquo;impression&hellip; <\/p>\n","protected":false},"author":2,"featured_media":0,"comment_status":"open","ping_status":"open","sticky":false,"template":"","format":"standard","meta":{"footnotes":""},"categories":[2],"tags":[],"class_list":["post-332","post","type-post","status-publish","format-standard","hentry","category-chroniques-litteraires"],"_links":{"self":[{"href":"https:\/\/vivrelivre.fr\/index.php?rest_route=\/wp\/v2\/posts\/332","targetHints":{"allow":["GET"]}}],"collection":[{"href":"https:\/\/vivrelivre.fr\/index.php?rest_route=\/wp\/v2\/posts"}],"about":[{"href":"https:\/\/vivrelivre.fr\/index.php?rest_route=\/wp\/v2\/types\/post"}],"author":[{"embeddable":true,"href":"https:\/\/vivrelivre.fr\/index.php?rest_route=\/wp\/v2\/users\/2"}],"replies":[{"embeddable":true,"href":"https:\/\/vivrelivre.fr\/index.php?rest_route=%2Fwp%2Fv2%2Fcomments&post=332"}],"version-history":[{"count":2,"href":"https:\/\/vivrelivre.fr\/index.php?rest_route=\/wp\/v2\/posts\/332\/revisions"}],"predecessor-version":[{"id":361,"href":"https:\/\/vivrelivre.fr\/index.php?rest_route=\/wp\/v2\/posts\/332\/revisions\/361"}],"wp:attachment":[{"href":"https:\/\/vivrelivre.fr\/index.php?rest_route=%2Fwp%2Fv2%2Fmedia&parent=332"}],"wp:term":[{"taxonomy":"category","embeddable":true,"href":"https:\/\/vivrelivre.fr\/index.php?rest_route=%2Fwp%2Fv2%2Fcategories&post=332"},{"taxonomy":"post_tag","embeddable":true,"href":"https:\/\/vivrelivre.fr\/index.php?rest_route=%2Fwp%2Fv2%2Ftags&post=332"}],"curies":[{"name":"wp","href":"https:\/\/api.w.org\/{rel}","templated":true}]}}