{"id":335,"date":"2023-11-04T18:40:35","date_gmt":"2023-11-04T17:40:35","guid":{"rendered":"https:\/\/vivrelivre.fr\/?p=335"},"modified":"2023-11-04T18:40:35","modified_gmt":"2023-11-04T17:40:35","slug":"les-oiselles-sauvages-pauline-gonthier","status":"publish","type":"post","link":"https:\/\/vivrelivre.fr\/?p=335","title":{"rendered":"\u00ab\u00a0Les oiselles sauvages\u00a0\u00bb Pauline Gonthier"},"content":{"rendered":"\n<figure class=\"wp-block-image size-large\"><img loading=\"lazy\" decoding=\"async\" width=\"195\" height=\"264\" src=\"https:\/\/vivrelivre.fr\/wp-content\/uploads\/2023\/11\/les-oiselles.jpg\" alt=\"\" class=\"wp-image-336\"\/><\/figure>\n\n\n\n<p class=\"has-vivid-red-color has-text-color\">En 1970, Madeleine quitte sa famille catholique bourgeoise pour \u00e9tudier la litt\u00e9rature \u00e0 la Sorbonne. Sa rencontre avec Catherine, une \u00e9tudiante mao\u00efste, va faire bifurquer son existence. Bient\u00f4t convi\u00e9e \u00e0 des r\u00e9unions compos\u00e9es exclusivement de femmes, Madeleine d\u00e9couvre le combat pour l\u2019\u00e9galit\u00e9 des sexes, avant de s\u2019engager corps et \u00e2me au sein du tout r\u00e9cent MLF. Militante active du droit \u00e0 l\u2019avortement, elle r\u00e9oriente ses \u00e9tudes pour devenir sage-femme, mais peine \u00e0 accepter son attirance pour Jeanne, une de ses cons\u0153urs f\u00e9ministes. Son \u00e9mancipation politique sera-t-elle parachev\u00e9e par cette \u00e9mancipation intime ?<br>En 2017, Mathilde vit en couple avec Aur\u00e9lien quand elle fait la connaissance d\u2019Alix, une jeune femme \u00e0 la forte personnalit\u00e9 qui la trouble d\u00e8s les premi\u00e8res minutes. Ni politis\u00e9e, ni militante, Mathilde comprend en fr\u00e9quentant Alix que tous les combats f\u00e9ministes sont loin d\u2019avoir \u00e9t\u00e9 gagn\u00e9s. Elle succombe aux charmes d\u2019Alix, exp\u00e9rimente de nouveaux d\u00e9sirs et trouve dans ses bras une harmonie nouvelle. Mais Alix la confronte bient\u00f4t \u00e0 un choix : celui de devenir m\u00e8re. Terrifi\u00e9e par cette responsabilit\u00e9, tout autant que par la conception d\u2019un enfant par PMA, Mathilde va devoir se d\u00e9terminer.<br>Avec ce premier roman passionnant et rigoureusement document\u00e9, Pauline Gonthier dresse deux portraits de femmes aussi enthousiasmants qu\u2019\u00e9mouvants. L\u2019une se bat pour le droit \u00e0 ne pas devenir m\u00e8re ; l\u2019autre sera rattrap\u00e9e par la lutte pour le droit \u00e0 l\u2019homoparentalit\u00e9. <\/p>\n\n\n\n<p class=\"has-black-color has-text-color has-medium-font-size\">Roman \u00e0 deux voix.<\/p>\n\n\n\n<p class=\"has-medium-font-size\">Madeleine aujourd&rsquo;hui \u00e2g\u00e9e, et Mathide, jeune fille des ann\u00e9es 2010.<\/p>\n\n\n\n<p class=\"has-medium-font-size\">Portrait crois\u00e9, deux chemins de vie assez proches mais qui divergent par l&rsquo;\u00e9poque. Croisement de l&rsquo;intime et du politique.<\/p>\n\n\n\n<p class=\"has-medium-font-size\">Le combat f\u00e9ministe reste \u00e0 l&rsquo;ordre du jour.<\/p>\n\n\n\n<p class=\"has-medium-font-size\">Pauline Gonthier nous livre un r\u00e9cit bien document\u00e9, bien \u00e9crit &#8230; elle finit par faire rejoindre ces deux vies avec subtilit\u00e9s.<\/p>\n\n\n\n<p class=\"has-medium-font-size\">Emouvant !<\/p>\n\n\n\n<p class=\"has-medium-font-size\"><\/p>\n","protected":false},"excerpt":{"rendered":"<p>En 1970, Madeleine quitte sa famille catholique bourgeoise pour \u00e9tudier la litt\u00e9rature \u00e0 la Sorbonne. Sa rencontre avec Catherine, une \u00e9tudiante mao\u00efste, va faire bifurquer son existence. Bient\u00f4t convi\u00e9e \u00e0 des r\u00e9unions compos\u00e9es exclusivement de femmes, Madeleine d\u00e9couvre le combat pour l\u2019\u00e9galit\u00e9 des sexes, avant de s\u2019engager corps et \u00e2me au sein du tout r\u00e9cent&hellip; <\/p>\n","protected":false},"author":2,"featured_media":0,"comment_status":"open","ping_status":"open","sticky":false,"template":"","format":"standard","meta":{"footnotes":""},"categories":[2],"tags":[],"class_list":["post-335","post","type-post","status-publish","format-standard","hentry","category-chroniques-litteraires"],"_links":{"self":[{"href":"https:\/\/vivrelivre.fr\/index.php?rest_route=\/wp\/v2\/posts\/335","targetHints":{"allow":["GET"]}}],"collection":[{"href":"https:\/\/vivrelivre.fr\/index.php?rest_route=\/wp\/v2\/posts"}],"about":[{"href":"https:\/\/vivrelivre.fr\/index.php?rest_route=\/wp\/v2\/types\/post"}],"author":[{"embeddable":true,"href":"https:\/\/vivrelivre.fr\/index.php?rest_route=\/wp\/v2\/users\/2"}],"replies":[{"embeddable":true,"href":"https:\/\/vivrelivre.fr\/index.php?rest_route=%2Fwp%2Fv2%2Fcomments&post=335"}],"version-history":[{"count":1,"href":"https:\/\/vivrelivre.fr\/index.php?rest_route=\/wp\/v2\/posts\/335\/revisions"}],"predecessor-version":[{"id":337,"href":"https:\/\/vivrelivre.fr\/index.php?rest_route=\/wp\/v2\/posts\/335\/revisions\/337"}],"wp:attachment":[{"href":"https:\/\/vivrelivre.fr\/index.php?rest_route=%2Fwp%2Fv2%2Fmedia&parent=335"}],"wp:term":[{"taxonomy":"category","embeddable":true,"href":"https:\/\/vivrelivre.fr\/index.php?rest_route=%2Fwp%2Fv2%2Fcategories&post=335"},{"taxonomy":"post_tag","embeddable":true,"href":"https:\/\/vivrelivre.fr\/index.php?rest_route=%2Fwp%2Fv2%2Ftags&post=335"}],"curies":[{"name":"wp","href":"https:\/\/api.w.org\/{rel}","templated":true}]}}