{"id":37,"date":"2021-02-03T18:57:23","date_gmt":"2021-02-03T17:57:23","guid":{"rendered":"http:\/\/vivrelivre.fr\/?p=37"},"modified":"2021-03-02T18:13:23","modified_gmt":"2021-03-02T17:13:23","slug":"je-ne-serais-pas-arrivee-la-si","status":"publish","type":"post","link":"https:\/\/vivrelivre.fr\/?p=37","title":{"rendered":"Je ne serais pas arriv\u00e9e l\u00e0 si"},"content":{"rendered":"\n<p>Chaque dimanche \u00abLe monde&nbsp;\u00bb interroge sur un moment d\u00e9cisif de l\u2019existence : &nbsp;\u00ab&nbsp; Je ne serais pas arriv\u00e9e l\u00e0 si \u2026&nbsp;\u00bb<\/p>\n\n\n\n<p>Je ne serais pas arriv\u00e9e l\u00e0 s\u2019il n\u2019y avait pas eu le premier confinement : libert\u00e9 de lire et d\u2019\u00e9crire \u00e0 l\u2019envi.<\/p>\n\n\n\n<p>Je ne serais pas arriv\u00e9e l\u00e0 si je n\u2019avais fait une rencontre. LE livre, celui qui vous bouscule, celui qui vous bouleverse, celui qui vous colle \u00e0 la peau longtemps apr\u00e8s l\u2019avoir referm\u00e9, celui qui laisse en vous une empreinte ind\u00e9l\u00e9bile.<\/p>\n\n\n\n<p>Ce livre c\u2019est \u00a0\u00ab\u00a0L\u2019appartement du dessous\u00a0\u00bb de Florence Herrlemann (voir chroniques litt\u00e9raires). Ce fut une r\u00e9v\u00e9lation, le partage une \u00e9vidence et un besoin imp\u00e9rieux. \u00ab\u00a0On parle souvent de l\u2019enchantement des livres. On ne dit pas assez qu\u2019il est double. Il y a l\u2019enchantement de les lire et il y a celui d\u2019en parler\u00a0\u00bb A Maalouf.<\/p>\n\n\n\n<p>Petit \u00e0 petit, l\u2019id\u00e9e du blog a germ\u00e9. Je me lance aujourd\u2019hui. Cet espace d\u2019\u00e9changes, de conseils, de partage s\u2019\u00e9toffera au gr\u00e9 de mes lectures, de mes rencontres.<\/p>\n\n\n\n<p>Oui un livre peut transformer une vie.<\/p>\n\n\n\n<p>Avec lui, nous sommes libres, nous sommes livres !<\/p>\n","protected":false},"excerpt":{"rendered":"<p>Chaque dimanche \u00abLe monde&nbsp;\u00bb interroge sur un moment d\u00e9cisif de l\u2019existence : &nbsp;\u00ab&nbsp; Je ne serais pas arriv\u00e9e l\u00e0 si \u2026&nbsp;\u00bb Je ne serais pas arriv\u00e9e l\u00e0 s\u2019il n\u2019y avait pas eu le premier confinement : libert\u00e9 de lire et d\u2019\u00e9crire \u00e0 l\u2019envi. Je ne serais pas arriv\u00e9e l\u00e0 si je n\u2019avais fait une rencontre.&hellip; <\/p>\n","protected":false},"author":1,"featured_media":0,"comment_status":"open","ping_status":"open","sticky":false,"template":"","format":"standard","meta":{"footnotes":""},"categories":[9],"tags":[],"class_list":["post-37","post","type-post","status-publish","format-standard","hentry","category-a-propos"],"_links":{"self":[{"href":"https:\/\/vivrelivre.fr\/index.php?rest_route=\/wp\/v2\/posts\/37","targetHints":{"allow":["GET"]}}],"collection":[{"href":"https:\/\/vivrelivre.fr\/index.php?rest_route=\/wp\/v2\/posts"}],"about":[{"href":"https:\/\/vivrelivre.fr\/index.php?rest_route=\/wp\/v2\/types\/post"}],"author":[{"embeddable":true,"href":"https:\/\/vivrelivre.fr\/index.php?rest_route=\/wp\/v2\/users\/1"}],"replies":[{"embeddable":true,"href":"https:\/\/vivrelivre.fr\/index.php?rest_route=%2Fwp%2Fv2%2Fcomments&post=37"}],"version-history":[{"count":2,"href":"https:\/\/vivrelivre.fr\/index.php?rest_route=\/wp\/v2\/posts\/37\/revisions"}],"predecessor-version":[{"id":58,"href":"https:\/\/vivrelivre.fr\/index.php?rest_route=\/wp\/v2\/posts\/37\/revisions\/58"}],"wp:attachment":[{"href":"https:\/\/vivrelivre.fr\/index.php?rest_route=%2Fwp%2Fv2%2Fmedia&parent=37"}],"wp:term":[{"taxonomy":"category","embeddable":true,"href":"https:\/\/vivrelivre.fr\/index.php?rest_route=%2Fwp%2Fv2%2Fcategories&post=37"},{"taxonomy":"post_tag","embeddable":true,"href":"https:\/\/vivrelivre.fr\/index.php?rest_route=%2Fwp%2Fv2%2Ftags&post=37"}],"curies":[{"name":"wp","href":"https:\/\/api.w.org\/{rel}","templated":true}]}}