{"id":69,"date":"2021-02-06T15:51:09","date_gmt":"2021-02-06T14:51:09","guid":{"rendered":"https:\/\/vivrelivre.fr\/?p=69"},"modified":"2021-06-29T17:24:48","modified_gmt":"2021-06-29T15:24:48","slug":"la-septieme-fonction-du-langage-de-laurent-binet","status":"publish","type":"post","link":"https:\/\/vivrelivre.fr\/?p=69","title":{"rendered":"\u00ab\u00a0La septi\u00e8me fonction du langage\u00a0\u00bb de Laurent Binet"},"content":{"rendered":"\n<figure class=\"wp-block-image size-large\"><img loading=\"lazy\" decoding=\"async\" width=\"95\" height=\"142\" src=\"https:\/\/vivrelivre.fr\/wp-content\/uploads\/2021\/02\/couv-1.jpg\" alt=\"\" class=\"wp-image-71\"\/><\/figure>\n\n\n\n<p class=\"has-vivid-cyan-blue-color has-text-color\">Ce roman se rapproche du genre policier mais c\u2019est surtout une r\u00e9flexion passionnante sur le roman et le langage.<\/p>\n\n\n\n<p class=\"has-vivid-cyan-blue-color has-text-color\">L\u2019histoire d\u00e9bute en 1980, le jour o\u00f9 Roland Barthes au sortir d\u2019un repas avec F Mitterrand est mortellement renvers\u00e9 par une camionnette alors qu\u2019il transportait, on le suppose, le document sur la 7\u00e8me fonction du langage. Celle qui donne le pouvoir de convaincre n\u2019importe qui de n\u2019importe quoi&nbsp;!<\/p>\n\n\n\n<p>Tout le monde veut r\u00e9cup\u00e9rer le s\u00e9same de ce fabuleux pouvoir. Le duo improbable qui enqu\u00eate a fort \u00e0 faire\u2026 On y croise des politiciens ( Le pr\u00e9sident Giscard, M.Poniatowski, F.Mitterrand, J.Lang, J.Attali, R.Badinter), des philosophes ( Lacan, Foucault, Bourdieu, D\u00e9rrida, le couple Sollers &amp; Kristeva )<\/p>\n\n\n\n<p>C\u2019est un roman brillant, un peu \u00e9rudit mais d\u2019une l\u00e9g\u00e8ret\u00e9 incontestable. J\u2019ai ador\u00e9 le coup de th\u00e9\u00e2tre final&nbsp;!<\/p>\n\n\n\n<p>C\u2019est aussi la nostalgie d\u2019une \u00e9poque o\u00f9 les d\u00e9bats n\u2019\u00e9taient pas ce qu\u2019ils sont souvent aujourd\u2019hui, une suite de \u00ab&nbsp;punchlines&nbsp;\u00bb d\u00e9nu\u00e9s de sens, d\u2019\u00e9thique et de respect&nbsp;!<\/p>\n","protected":false},"excerpt":{"rendered":"<p>Ce roman se rapproche du genre policier mais c\u2019est surtout une r\u00e9flexion passionnante sur le roman et le langage. L\u2019histoire d\u00e9bute en 1980, le jour o\u00f9 Roland Barthes au sortir d\u2019un repas avec F Mitterrand est mortellement renvers\u00e9 par une camionnette alors qu\u2019il transportait, on le suppose, le document sur la 7\u00e8me fonction du langage.&hellip; <\/p>\n","protected":false},"author":1,"featured_media":0,"comment_status":"open","ping_status":"open","sticky":false,"template":"","format":"standard","meta":{"footnotes":""},"categories":[2],"tags":[],"class_list":["post-69","post","type-post","status-publish","format-standard","hentry","category-chroniques-litteraires"],"_links":{"self":[{"href":"https:\/\/vivrelivre.fr\/index.php?rest_route=\/wp\/v2\/posts\/69","targetHints":{"allow":["GET"]}}],"collection":[{"href":"https:\/\/vivrelivre.fr\/index.php?rest_route=\/wp\/v2\/posts"}],"about":[{"href":"https:\/\/vivrelivre.fr\/index.php?rest_route=\/wp\/v2\/types\/post"}],"author":[{"embeddable":true,"href":"https:\/\/vivrelivre.fr\/index.php?rest_route=\/wp\/v2\/users\/1"}],"replies":[{"embeddable":true,"href":"https:\/\/vivrelivre.fr\/index.php?rest_route=%2Fwp%2Fv2%2Fcomments&post=69"}],"version-history":[{"count":3,"href":"https:\/\/vivrelivre.fr\/index.php?rest_route=\/wp\/v2\/posts\/69\/revisions"}],"predecessor-version":[{"id":259,"href":"https:\/\/vivrelivre.fr\/index.php?rest_route=\/wp\/v2\/posts\/69\/revisions\/259"}],"wp:attachment":[{"href":"https:\/\/vivrelivre.fr\/index.php?rest_route=%2Fwp%2Fv2%2Fmedia&parent=69"}],"wp:term":[{"taxonomy":"category","embeddable":true,"href":"https:\/\/vivrelivre.fr\/index.php?rest_route=%2Fwp%2Fv2%2Fcategories&post=69"},{"taxonomy":"post_tag","embeddable":true,"href":"https:\/\/vivrelivre.fr\/index.php?rest_route=%2Fwp%2Fv2%2Ftags&post=69"}],"curies":[{"name":"wp","href":"https:\/\/api.w.org\/{rel}","templated":true}]}}