{"id":75,"date":"2021-02-06T16:03:03","date_gmt":"2021-02-06T15:03:03","guid":{"rendered":"https:\/\/vivrelivre.fr\/?p=75"},"modified":"2021-03-03T17:54:56","modified_gmt":"2021-03-03T16:54:56","slug":"leila-bahsain","status":"publish","type":"post","link":"https:\/\/vivrelivre.fr\/?p=75","title":{"rendered":"Le\u00efla Bahsa\u00efn"},"content":{"rendered":"\n<figure class=\"wp-block-image size-large\"><img loading=\"lazy\" decoding=\"async\" width=\"1024\" height=\"866\" src=\"https:\/\/vivrelivre.fr\/wp-content\/uploads\/2021\/02\/photo-Leila-1024x866.jpeg\" alt=\"\" class=\"wp-image-76\" srcset=\"https:\/\/vivrelivre.fr\/wp-content\/uploads\/2021\/02\/photo-Leila-1024x866.jpeg 1024w, https:\/\/vivrelivre.fr\/wp-content\/uploads\/2021\/02\/photo-Leila-300x254.jpeg 300w, https:\/\/vivrelivre.fr\/wp-content\/uploads\/2021\/02\/photo-Leila-768x649.jpeg 768w, https:\/\/vivrelivre.fr\/wp-content\/uploads\/2021\/02\/photo-Leila.jpeg 1520w\" sizes=\"auto, (max-width: 1024px) 100vw, 1024px\" \/><\/figure>\n\n\n\n<p class=\"has-medium-font-size\">Le\u00efla Bahsa\u00efn, Franco-Marocaine, vit dans le Doubs depuis une quinzaine d&rsquo;ann\u00e9es. Elle est la co-fondatrice de Zitoun, une association que se consacre \u00e0 l&rsquo;alphab\u00e9tisation des femmes au Maroc.<\/p>\n\n\n\n<p class=\"has-medium-font-size\">Auteure de nouvelles publi\u00e9es depuis 2011 dans des magazines, des recueils collectifs et dans la revue Apul\u00e9e (Ed zulma).<\/p>\n\n\n\n<p class=\"has-medium-font-size\">Son premier roman \u00ab\u00a0le ciel sous nos pas\u00a0\u00bb (Ed Albin Michel 2019) a \u00e9t\u00e9 finaliste du prix France T\u00e9l\u00e9vision, du prix litt\u00e9rature arabe, r\u00e9compens\u00e9 par le prix M\u00e9diterran\u00e9e et le prix Paul Balta.<\/p>\n\n\n\n<p class=\"has-medium-font-size\">\u00ab\u00a0La th\u00e9orie des aubergines\u00a0\u00bb, son deuxi\u00e8me roman vient de para\u00eetre chez Albin Michel.<\/p>\n\n\n\n<p><\/p>\n","protected":false},"excerpt":{"rendered":"<p>Le\u00efla Bahsa\u00efn, Franco-Marocaine, vit dans le Doubs depuis une quinzaine d&rsquo;ann\u00e9es. Elle est la co-fondatrice de Zitoun, une association que se consacre \u00e0 l&rsquo;alphab\u00e9tisation des femmes au Maroc. Auteure de nouvelles publi\u00e9es depuis 2011 dans des magazines, des recueils collectifs et dans la revue Apul\u00e9e (Ed zulma). Son premier roman \u00ab\u00a0le ciel sous nos pas\u00a0\u00bb&hellip; <\/p>\n","protected":false},"author":1,"featured_media":0,"comment_status":"open","ping_status":"open","sticky":false,"template":"","format":"standard","meta":{"footnotes":""},"categories":[6],"tags":[],"class_list":["post-75","post","type-post","status-publish","format-standard","hentry","category-biographies"],"_links":{"self":[{"href":"https:\/\/vivrelivre.fr\/index.php?rest_route=\/wp\/v2\/posts\/75","targetHints":{"allow":["GET"]}}],"collection":[{"href":"https:\/\/vivrelivre.fr\/index.php?rest_route=\/wp\/v2\/posts"}],"about":[{"href":"https:\/\/vivrelivre.fr\/index.php?rest_route=\/wp\/v2\/types\/post"}],"author":[{"embeddable":true,"href":"https:\/\/vivrelivre.fr\/index.php?rest_route=\/wp\/v2\/users\/1"}],"replies":[{"embeddable":true,"href":"https:\/\/vivrelivre.fr\/index.php?rest_route=%2Fwp%2Fv2%2Fcomments&post=75"}],"version-history":[{"count":4,"href":"https:\/\/vivrelivre.fr\/index.php?rest_route=\/wp\/v2\/posts\/75\/revisions"}],"predecessor-version":[{"id":160,"href":"https:\/\/vivrelivre.fr\/index.php?rest_route=\/wp\/v2\/posts\/75\/revisions\/160"}],"wp:attachment":[{"href":"https:\/\/vivrelivre.fr\/index.php?rest_route=%2Fwp%2Fv2%2Fmedia&parent=75"}],"wp:term":[{"taxonomy":"category","embeddable":true,"href":"https:\/\/vivrelivre.fr\/index.php?rest_route=%2Fwp%2Fv2%2Fcategories&post=75"},{"taxonomy":"post_tag","embeddable":true,"href":"https:\/\/vivrelivre.fr\/index.php?rest_route=%2Fwp%2Fv2%2Ftags&post=75"}],"curies":[{"name":"wp","href":"https:\/\/api.w.org\/{rel}","templated":true}]}}